{"id":936,"date":"2018-03-14T14:18:44","date_gmt":"2018-03-14T13:18:44","guid":{"rendered":"http:\/\/aappmaverdoncolostre.fr\/?p=936"},"modified":"2024-06-14T14:05:07","modified_gmt":"2024-06-14T12:05:07","slug":"lancement-projet-rampe-de-mise-a-leau-de-montpezat","status":"publish","type":"post","link":"https:\/\/aappmaverdoncolostre.fr\/index.php\/2018\/03\/14\/lancement-projet-rampe-de-mise-a-leau-de-montpezat\/","title":{"rendered":"Lancement du projet : Rampe de mise \u00e0 l\u2019eau de Montpezat"},"content":{"rendered":"<p><span style=\"font-family: Comic Sans MS,sans-serif;\"><strong>L&#8217;aappma Verdon-Colostre<\/strong> <\/span>a \u00e9t\u00e9 sollicit\u00e9 par les p\u00eacheurs en barques du lac de Montpezat qui se plaignent de ne pas pouvoir mettre \u00e0 l&#8217;eau leurs embarcations dans de bonne condition. Nous avons lanc\u00e9 une r\u00e9flexion afin de cr\u00e9er une rampe b\u00e9tonn\u00e9e de plus de 20 m\u00e8tres de long et quatre de large sur le territoire de cette commune. A la condition que nous obtenions les autorisations administratives et que notre budget le permette, les travaux pourraient \u00eatre effectu\u00e9s \u00e0 l&#8217;automne.<\/p>\n<p>&nbsp;<\/p>\n","protected":false},"excerpt":{"rendered":"<p>L&#8217;aappma Verdon-Colostre a \u00e9t\u00e9 sollicit\u00e9 par les p\u00eacheurs en barques du lac de Montpezat qui se plaignent de ne pas pouvoir mettre \u00e0 l&#8217;eau leurs embarcations dans de bonne condition. Nous avons lanc\u00e9 une r\u00e9flexion afin de cr\u00e9er une rampe b\u00e9tonn\u00e9e de plus de 20 m\u00e8tres de long et quatre de large sur le territoire [&hellip;]<\/p>\n","protected":false},"author":1,"featured_media":937,"comment_status":"open","ping_status":"open","sticky":false,"template":"","format":"standard","meta":[],"categories":[30],"tags":[],"yoast_head":"<!-- This site is optimized with the Yoast SEO plugin v14.9 - https:\/\/yoast.com\/wordpress\/plugins\/seo\/ -->\n<title>Lancement du projet : Rampe de mise \u00e0 l\u2019eau de Montpezat - AAPPMA Verdon Colostre<\/title>\n<meta name=\"robots\" content=\"index, follow, max-snippet:-1, max-image-preview:large, max-video-preview:-1\" \/>\n<link rel=\"canonical\" href=\"http:\/\/aappmaverdoncolostre.fr\/index.php\/2018\/03\/14\/lancement-projet-rampe-de-mise-a-leau-de-montpezat\/\" \/>\n<meta property=\"og:locale\" content=\"fr_FR\" \/>\n<meta property=\"og:type\" content=\"article\" \/>\n<meta property=\"og:title\" content=\"Lancement du projet : Rampe de mise \u00e0 l\u2019eau de Montpezat - AAPPMA Verdon Colostre\" \/>\n<meta property=\"og:description\" content=\"L&#8217;aappma Verdon-Colostre a \u00e9t\u00e9 sollicit\u00e9 par les p\u00eacheurs en barques du lac de Montpezat qui se plaignent de ne pas pouvoir mettre \u00e0 l&#8217;eau leurs embarcations dans de bonne condition. Nous avons lanc\u00e9 une r\u00e9flexion afin de cr\u00e9er une rampe b\u00e9tonn\u00e9e de plus de 20 m\u00e8tres de long et quatre de large sur le territoire [&hellip;]\" \/>\n<meta property=\"og:url\" content=\"http:\/\/aappmaverdoncolostre.fr\/index.php\/2018\/03\/14\/lancement-projet-rampe-de-mise-a-leau-de-montpezat\/\" \/>\n<meta property=\"og:site_name\" content=\"AAPPMA Verdon Colostre\" \/>\n<meta property=\"article:published_time\" content=\"2018-03-14T13:18:44+00:00\" \/>\n<meta property=\"article:modified_time\" content=\"2024-06-14T12:05:07+00:00\" \/>\n<meta property=\"og:image\" content=\"https:\/\/aappmaverdoncolostre.fr\/wp-content\/uploads\/2018\/03\/Rampe_Montpezat.jpg\" \/>\n\t<meta property=\"og:image:width\" content=\"1024\" \/>\n\t<meta property=\"og:image:height\" content=\"768\" \/>\n<meta name=\"twitter:card\" content=\"summary_large_image\" \/>\n<script type=\"application\/ld+json\" class=\"yoast-schema-graph\">{\"@context\":\"https:\/\/schema.org\",\"@graph\":[{\"@type\":\"WebSite\",\"@id\":\"https:\/\/aappmaverdoncolostre.fr\/#website\",\"url\":\"https:\/\/aappmaverdoncolostre.fr\/\",\"name\":\"AAPPMA Verdon Colostre\",\"description\":\"P\\u00eacher dans le Verdon\",\"potentialAction\":[{\"@type\":\"SearchAction\",\"target\":\"https:\/\/aappmaverdoncolostre.fr\/?s={search_term_string}\",\"query-input\":\"required name=search_term_string\"}],\"inLanguage\":\"fr-FR\"},{\"@type\":\"ImageObject\",\"@id\":\"http:\/\/aappmaverdoncolostre.fr\/index.php\/2018\/03\/14\/lancement-projet-rampe-de-mise-a-leau-de-montpezat\/#primaryimage\",\"inLanguage\":\"fr-FR\",\"url\":\"https:\/\/aappmaverdoncolostre.fr\/wp-content\/uploads\/2018\/03\/Rampe_Montpezat.jpg\",\"width\":1024,\"height\":768},{\"@type\":\"WebPage\",\"@id\":\"http:\/\/aappmaverdoncolostre.fr\/index.php\/2018\/03\/14\/lancement-projet-rampe-de-mise-a-leau-de-montpezat\/#webpage\",\"url\":\"http:\/\/aappmaverdoncolostre.fr\/index.php\/2018\/03\/14\/lancement-projet-rampe-de-mise-a-leau-de-montpezat\/\",\"name\":\"Lancement du projet : Rampe de mise \\u00e0 l\\u2019eau de Montpezat - AAPPMA Verdon Colostre\",\"isPartOf\":{\"@id\":\"https:\/\/aappmaverdoncolostre.fr\/#website\"},\"primaryImageOfPage\":{\"@id\":\"http:\/\/aappmaverdoncolostre.fr\/index.php\/2018\/03\/14\/lancement-projet-rampe-de-mise-a-leau-de-montpezat\/#primaryimage\"},\"datePublished\":\"2018-03-14T13:18:44+00:00\",\"dateModified\":\"2024-06-14T12:05:07+00:00\",\"author\":{\"@id\":\"https:\/\/aappmaverdoncolostre.fr\/#\/schema\/person\/42874a4499ac26905b1df87eceba3926\"},\"inLanguage\":\"fr-FR\",\"potentialAction\":[{\"@type\":\"ReadAction\",\"target\":[\"http:\/\/aappmaverdoncolostre.fr\/index.php\/2018\/03\/14\/lancement-projet-rampe-de-mise-a-leau-de-montpezat\/\"]}]},{\"@type\":\"Person\",\"@id\":\"https:\/\/aappmaverdoncolostre.fr\/#\/schema\/person\/42874a4499ac26905b1df87eceba3926\",\"name\":\"GL68883-OVH\",\"image\":{\"@type\":\"ImageObject\",\"@id\":\"https:\/\/aappmaverdoncolostre.fr\/#personlogo\",\"inLanguage\":\"fr-FR\",\"url\":\"https:\/\/secure.gravatar.com\/avatar\/9c3ab8247a5623d624a68f2bbf6e4350?s=96&d=mm&r=g\",\"caption\":\"GL68883-OVH\"}}]}<\/script>\n<!-- \/ Yoast SEO plugin. -->","_links":{"self":[{"href":"https:\/\/aappmaverdoncolostre.fr\/index.php\/wp-json\/wp\/v2\/posts\/936"}],"collection":[{"href":"https:\/\/aappmaverdoncolostre.fr\/index.php\/wp-json\/wp\/v2\/posts"}],"about":[{"href":"https:\/\/aappmaverdoncolostre.fr\/index.php\/wp-json\/wp\/v2\/types\/post"}],"author":[{"embeddable":true,"href":"https:\/\/aappmaverdoncolostre.fr\/index.php\/wp-json\/wp\/v2\/users\/1"}],"replies":[{"embeddable":true,"href":"https:\/\/aappmaverdoncolostre.fr\/index.php\/wp-json\/wp\/v2\/comments?post=936"}],"version-history":[{"count":2,"href":"https:\/\/aappmaverdoncolostre.fr\/index.php\/wp-json\/wp\/v2\/posts\/936\/revisions"}],"predecessor-version":[{"id":949,"href":"https:\/\/aappmaverdoncolostre.fr\/index.php\/wp-json\/wp\/v2\/posts\/936\/revisions\/949"}],"wp:featuredmedia":[{"embeddable":true,"href":"https:\/\/aappmaverdoncolostre.fr\/index.php\/wp-json\/wp\/v2\/media\/937"}],"wp:attachment":[{"href":"https:\/\/aappmaverdoncolostre.fr\/index.php\/wp-json\/wp\/v2\/media?parent=936"}],"wp:term":[{"taxonomy":"category","embeddable":true,"href":"https:\/\/aappmaverdoncolostre.fr\/index.php\/wp-json\/wp\/v2\/categories?post=936"},{"taxonomy":"post_tag","embeddable":true,"href":"https:\/\/aappmaverdoncolostre.fr\/index.php\/wp-json\/wp\/v2\/tags?post=936"}],"curies":[{"name":"wp","href":"https:\/\/api.w.org\/{rel}","templated":true}]}}